{"id":2639,"date":"2026-03-05T09:00:35","date_gmt":"2026-03-05T12:00:35","guid":{"rendered":"https:\/\/www.grupotiradentes.com\/international\/?p=2639"},"modified":"2026-03-12T10:55:02","modified_gmt":"2026-03-12T13:55:02","slug":"programa-laboratorio-social-direito-2026","status":"publish","type":"post","link":"https:\/\/www.grupotiradentes.com\/international\/programa-laboratorio-social-direito-2026\/","title":{"rendered":"Programa Laborat\u00f3rio Social &#8211; Direito &#8211; 2026"},"content":{"rendered":"\n<h2 class=\"wp-block-heading has-text-align-center\">Confira <a href=\"https:\/\/www.grupotiradentes.com\/international\/wp-content\/uploads\/2026\/03\/Resultado-Final-12.03.2026.pdf\">AQUI <\/a>o Resultado Final da Sele\u00e7\u00e3o &#8211; Publicado em 12 de mar\u00e7o de 2026, \u00e0s 10:55<\/h2>\n\n\n\n<p>Conhe\u00e7a alguns dos resultados obtidos em edi\u00e7\u00f5es anteriores do Programa Laborat\u00f3rio Social :<\/p>\n\n\n\n<ol class=\"wp-block-list\">\n<li><a href=\"https:\/\/portal.unit.br\/blog\/noticias\/tres-estudantes-da-unit-participam-de-programa-laboratorio-social\/\">TCCs de alunos ser\u00e3o passaporte para Programa Internacional<\/a><\/li>\n\n\n\n<li><a href=\"https:\/\/portal.unit.br\/blog\/noticias\/programa-laboratorio-social-impulsiona-pesquisas-sobre-direitos-indigenas-na-comunidade-xoco\/\">Programa Laborat\u00f3rio Social impulsiona pesquisas sobre direitos ind\u00edgenas na Comunidade Xoc\u00f3<\/a><\/li>\n\n\n\n<li><a href=\"https:\/\/portal.unit.br\/blog\/noticias\/tres-projetos-de-extensao-da-unit-sao-premiados-com-o-selo-ods-2025\/\">Programa Laborat\u00f3rio Social recebe o Selo ODS em 2025<\/a><a href=\"https:\/\/portal.unit.br\/blog\/noticias\/programa-laboratorio-social-impulsiona-pesquisas-sobre-direitos-indigenas-na-comunidade-xoco\/\"><br><\/a><\/li>\n<\/ol>\n\n\n\n<p class=\"has-text-align-left\">Essa \u00e9 a sua chance de ter uma experi\u00eancia acad\u00eamica inesquec\u00edvel com uma universidade espanhola. Participe e internacionalize o seu curr\u00edculo!<\/p>\n\n\n\n<p class=\"has-text-align-left\">O Programa Laborat\u00f3rio Social \u00e9 uma iniciativa que prop\u00f5e aos estudantes dos cursos de Arquitetura e Urbanismo da Universidade Tiradentes (UNIT\/SE) a possibilidade de elaborar seu Trabalho de Conclus\u00e3o de Curso (TCC) voltado a solu\u00e7\u00f5es para problemas sociais que os cercam. Para isso, a cada edital s\u00e3o propostos desafios, pautados nos Objetivos de Desenvolvimento Sustent\u00e1vel (ODS), e de alta relev\u00e2ncia social.<\/p>\n\n\n\n<h2 class=\"wp-block-heading\"><strong>Formul\u00e1rio de Inscri\u00e7\u00e3o <a href=\"https:\/\/docs.google.com\/forms\/d\/e\/1FAIpQLSePwkSmtGkjjgtHE_twbeg1e4fsLEr0FY9H3vHL-Spk4qVJZw\/viewform?usp=sharing&amp;ouid=102487964565964120076\">AQUI<\/a><\/strong><\/h2>\n\n\n\n<p class=\"has-text-align-left\">Essa oportunidade surge a partir da parceria com a Universidade de Valladolid (UVa) e com a Universidade de Deusto (UD), na Espanha, e os discentes selecionados ter\u00e3o a oportunidade de desenvolver seus TCCs com a orienta\u00e7\u00e3o de professores de ambas as institui\u00e7\u00f5es, e que far\u00e3o parte de um grupo de trabalho misto, focado em pensar no desafio central sob uma perspectiva intercultural.<\/p>\n\n\n\n<ul class=\"wp-block-list\">\n<li>Para Direito, o orientador dos projetos, na UNIT\/SE ser\u00e1 o Prof. Dr. Fran Espinoza<\/li>\n<\/ul>\n\n\n\n<p class=\"has-text-align-left\">O programa ocorrer\u00e1 nos semestres letivos de 2026.1 e 2026.2, e os estudantes participantes da UNIT\/SE ter\u00e3o a oportunidade de fazer uma mobilidade acad\u00eamica de curta dura\u00e7\u00e3o para uma das IES parceiras, al\u00e9m de receber uma bolsa de m\u00e9rito acad\u00eamico para auxiliar com os custos envolvidos.<\/p>\n","protected":false},"excerpt":{"rendered":"<p>Confira AQUI o Resultado Final da Sele\u00e7\u00e3o &#8211; Publicado em 12 de mar\u00e7o de 2026, \u00e0s 10:55 Conhe\u00e7a alguns dos resultados obtidos em edi\u00e7\u00f5es anteriores do Programa Laborat\u00f3rio Social : Essa \u00e9 a sua chance de ter uma experi\u00eancia acad\u00eamica inesquec\u00edvel com uma universidade espanhola. Participe e internacionalize o seu curr\u00edculo! O Programa Laborat\u00f3rio Social [&hellip;]<\/p>\n","protected":false},"author":8,"featured_media":0,"comment_status":"open","ping_status":"open","sticky":false,"template":"","format":"standard","meta":{"footnotes":""},"categories":[1],"tags":[],"class_list":["post-2639","post","type-post","status-publish","format-standard","hentry","category-sem-categoria"],"_links":{"self":[{"href":"https:\/\/www.grupotiradentes.com\/international\/wp-json\/wp\/v2\/posts\/2639","targetHints":{"allow":["GET"]}}],"collection":[{"href":"https:\/\/www.grupotiradentes.com\/international\/wp-json\/wp\/v2\/posts"}],"about":[{"href":"https:\/\/www.grupotiradentes.com\/international\/wp-json\/wp\/v2\/types\/post"}],"author":[{"embeddable":true,"href":"https:\/\/www.grupotiradentes.com\/international\/wp-json\/wp\/v2\/users\/8"}],"replies":[{"embeddable":true,"href":"https:\/\/www.grupotiradentes.com\/international\/wp-json\/wp\/v2\/comments?post=2639"}],"version-history":[{"count":2,"href":"https:\/\/www.grupotiradentes.com\/international\/wp-json\/wp\/v2\/posts\/2639\/revisions"}],"predecessor-version":[{"id":2653,"href":"https:\/\/www.grupotiradentes.com\/international\/wp-json\/wp\/v2\/posts\/2639\/revisions\/2653"}],"wp:attachment":[{"href":"https:\/\/www.grupotiradentes.com\/international\/wp-json\/wp\/v2\/media?parent=2639"}],"wp:term":[{"taxonomy":"category","embeddable":true,"href":"https:\/\/www.grupotiradentes.com\/international\/wp-json\/wp\/v2\/categories?post=2639"},{"taxonomy":"post_tag","embeddable":true,"href":"https:\/\/www.grupotiradentes.com\/international\/wp-json\/wp\/v2\/tags?post=2639"}],"curies":[{"name":"wp","href":"https:\/\/api.w.org\/{rel}","templated":true}]}}