{"id":2624,"date":"2026-02-09T15:47:04","date_gmt":"2026-02-09T18:47:04","guid":{"rendered":"https:\/\/www.grupotiradentes.com\/international\/?p=2624"},"modified":"2026-03-27T18:05:51","modified_gmt":"2026-03-27T21:05:51","slug":"programa-laboratorio-social-arquitetura-2026","status":"publish","type":"post","link":"https:\/\/www.grupotiradentes.com\/international\/programa-laboratorio-social-arquitetura-2026\/","title":{"rendered":"Programa Laborat\u00f3rio Social &#8211; Arquitetura &#8211; 2026"},"content":{"rendered":"\n<h3 class=\"wp-block-heading has-text-align-center\">Confira o Resultado Final dispon\u00edvel <a href=\"https:\/\/www.grupotiradentes.com\/international\/wp-content\/uploads\/2026\/02\/Resultado-Final-Lab.-Social-Arquitetura-27.03.2026.pdf\">AQUI<\/a> &#8211; Publicado em 27\/03, \u00e0s 18:00<\/h3>\n\n\n\n<h3 class=\"wp-block-heading has-text-align-center\">Confira o pr\u00e9-Resultado dispon\u00edvel <a href=\"https:\/\/www.grupotiradentes.com\/international\/wp-content\/uploads\/2026\/02\/Pre-Resultado-Lab.-Social-Arquitetura-24.03.2026.pdf\">AQUI<\/a>  &#8211; Publicado em 24\/03, \u00e0s 17:35<\/h3>\n\n\n\n<p class=\"has-text-align-left\">Conhe\u00e7a alguns dos resultados obtidos com o Programa Laborat\u00f3rio Social em 2023 e em 2024:<\/p>\n\n\n\n<ol class=\"wp-block-list\">\n<li><a href=\"https:\/\/portal.unit.br\/blog\/noticias\/intercambio-cultural-contribui-para-projetos-arquitetonicos-em-sergipe\/\">Interc\u00e2mbio cultural contribui para projetos arquitet\u00f4nicos em Sergipe<\/a><\/li>\n\n\n\n<li><a href=\"https:\/\/portal.unit.br\/blog\/noticias\/tccs-propoem-solucoes-para-revitalizar-areas-do-centro-da-capital-sergipana\/\">TCCs prop\u00f5em solu\u00e7\u00f5es para revitalizar \u00e1reas do Centro da capital sergipana<br><\/a><\/li>\n<\/ol>\n\n\n\n<p>Essa \u00e9 a sua chance de ter uma experi\u00eancia acad\u00eamica inesquec\u00edvel e desenvolver o seu TCC em parceria com a Universidad de Valladolid (UVa). Participe e internacionalize o seu curr\u00edculo!<\/p>\n\n\n\n<p class=\"has-text-align-left\">O Programa Laborat\u00f3rio Social \u00e9 uma iniciativa que prop\u00f5e aos estudantes dos cursos de Arquitetura e Urbanismo da Universidade Tiradentes (UNIT\/SE) a possibilidade de elaborar seu Trabalho de Conclus\u00e3o de Curso (TCC) voltado a solu\u00e7\u00f5es para problemas sociais que os cercam. Para isso, a cada edital s\u00e3o propostos desafios, pautados nos Objetivos de Desenvolvimento Sustent\u00e1vel (ODS), e de alta relev\u00e2ncia social.<\/p>\n\n\n\n<h1 class=\"wp-block-heading has-text-align-left\"><strong>Acesse o Edital 2026 <a href=\"https:\/\/www.grupotiradentes.com\/international\/wp-content\/uploads\/2026\/02\/Edital-003-2026-Laboratorio-Social-Arquitetura.pdf\">AQUI<\/a><\/strong><\/h1>\n\n\n\n<p>Anexo I &#8211; Dispon\u00edvel <a href=\"https:\/\/www.grupotiradentes.com\/international\/wp-content\/uploads\/2026\/02\/Anexo-I-Modelo-de-Pre-projeto.docx\">AQUI<\/a><\/p>\n\n\n\n<p class=\"has-text-align-left\"><strong>Formul\u00e1rio de Inscri\u00e7\u00e3o <a href=\"https:\/\/forms.gle\/FCsjSG4hHeaJmVWn8\">AQUI<\/a><\/strong><\/p>\n\n\n\n<p>Formul\u00e1rio de Recurso &#8211; Dispon\u00edvel <a href=\"https:\/\/www.grupotiradentes.com\/international\/wp-content\/uploads\/2026\/02\/Anexo-III-Formulario-de-Recurso.docx\">AQUI<\/a><\/p>\n\n\n\n<p class=\"has-text-align-left\">Essa oportunidade surge a partir da parceria com a Universidade de Valladolid (UVa), na Espanha, e os discentes selecionados ter\u00e3o a oportunidade de desenvolver seus TCCs com a orienta\u00e7\u00e3o de professores de ambas as institui\u00e7\u00f5es, e que far\u00e3o parte de um grupo de trabalho misto, focado em pensar no desafio central sob uma perspectiva intercultural.<\/p>\n\n\n\n<ul class=\"wp-block-list\">\n<li>Para Arquitetura e Urbanismo, o professores na UNIT\/SE ser\u00e3o \u00c9zio Christian D\u00e9da de Ara\u00fajo e Ingrid Carvalho Santos Oliveira.<\/li>\n<\/ul>\n\n\n\n<p class=\"has-text-align-left\">O programa ocorrer\u00e1 nos semestres letivos de 2026.1 e 2026.2, e os estudantes participantes da UNIT\/SE ter\u00e3o a oportunidade de fazer uma mobilidade acad\u00eamica de curta dura\u00e7\u00e3o para a UVa, al\u00e9m de receber uma bolsa de m\u00e9rito acad\u00eamico para auxiliar com os custos envolvidos.<\/p>\n","protected":false},"excerpt":{"rendered":"<p>Confira o Resultado Final dispon\u00edvel AQUI &#8211; Publicado em 27\/03, \u00e0s 18:00 Confira o pr\u00e9-Resultado dispon\u00edvel AQUI &#8211; Publicado em 24\/03, \u00e0s 17:35 Conhe\u00e7a alguns dos resultados obtidos com o Programa Laborat\u00f3rio Social em 2023 e em 2024: Essa \u00e9 a sua chance de ter uma experi\u00eancia acad\u00eamica inesquec\u00edvel e desenvolver o seu TCC em [&hellip;]<\/p>\n","protected":false},"author":8,"featured_media":0,"comment_status":"open","ping_status":"open","sticky":false,"template":"","format":"standard","meta":{"footnotes":""},"categories":[1],"tags":[],"class_list":["post-2624","post","type-post","status-publish","format-standard","hentry","category-sem-categoria"],"_links":{"self":[{"href":"https:\/\/www.grupotiradentes.com\/international\/wp-json\/wp\/v2\/posts\/2624","targetHints":{"allow":["GET"]}}],"collection":[{"href":"https:\/\/www.grupotiradentes.com\/international\/wp-json\/wp\/v2\/posts"}],"about":[{"href":"https:\/\/www.grupotiradentes.com\/international\/wp-json\/wp\/v2\/types\/post"}],"author":[{"embeddable":true,"href":"https:\/\/www.grupotiradentes.com\/international\/wp-json\/wp\/v2\/users\/8"}],"replies":[{"embeddable":true,"href":"https:\/\/www.grupotiradentes.com\/international\/wp-json\/wp\/v2\/comments?post=2624"}],"version-history":[{"count":9,"href":"https:\/\/www.grupotiradentes.com\/international\/wp-json\/wp\/v2\/posts\/2624\/revisions"}],"predecessor-version":[{"id":2672,"href":"https:\/\/www.grupotiradentes.com\/international\/wp-json\/wp\/v2\/posts\/2624\/revisions\/2672"}],"wp:attachment":[{"href":"https:\/\/www.grupotiradentes.com\/international\/wp-json\/wp\/v2\/media?parent=2624"}],"wp:term":[{"taxonomy":"category","embeddable":true,"href":"https:\/\/www.grupotiradentes.com\/international\/wp-json\/wp\/v2\/categories?post=2624"},{"taxonomy":"post_tag","embeddable":true,"href":"https:\/\/www.grupotiradentes.com\/international\/wp-json\/wp\/v2\/tags?post=2624"}],"curies":[{"name":"wp","href":"https:\/\/api.w.org\/{rel}","templated":true}]}}