{"id":1933,"date":"2023-08-14T12:19:00","date_gmt":"2023-08-14T15:19:00","guid":{"rendered":"https:\/\/www.grupotiradentes.com\/international\/?p=1933"},"modified":"2023-09-22T14:40:44","modified_gmt":"2023-09-22T17:40:44","slug":"promai-2023-2","status":"publish","type":"post","link":"https:\/\/www.grupotiradentes.com\/international\/promai-2023-2\/","title":{"rendered":"ProMAI 2023.2"},"content":{"rendered":"\n<p class=\"has-large-font-size\"><strong>Confira <a href=\"https:\/\/www.grupotiradentes.com\/international\/wp-content\/uploads\/2023\/08\/Resultado-Final-ProMAI-2023.2-22.09.pdf\">AQUI<\/a> o Resultado Final do ProMAI 2023.2<\/strong> [Publicado em 22\/09\/2023, \u00e0s 14:40]<\/p>\n\n\n\n<p><strong>CONFIRA O PR\u00c9-RESULTADO <a href=\"https:\/\/www.grupotiradentes.com\/international\/wp-content\/uploads\/2023\/09\/Pre-resultado-ProMAI-2023.2-19.09.pdf\">AQUI<\/a><\/strong>! [Publicado em 19\/09\/2023, \u00e0s 14:43]<\/p>\n\n\n\n<p><strong>AS INSCRI\u00c7\u00d5ES PARA O PROMAI 2023.2 FORAM PRORROGADAS AT\u00c9 O DIA 17\/09!<\/strong> Confira <a href=\"https:\/\/www.grupotiradentes.com\/international\/wp-content\/uploads\/2023\/09\/Termo-Aditivo-ao-ProMAI-2023.2-Revisado-pelo-Juridico.pdf\">aqui<\/a> o aditivo.<\/p>\n\n\n\n<p>As inscri\u00e7\u00f5es para o o Programa de Mobilidade Acad\u00eamica Internacional 2023.2 est\u00e3o abertas! <\/p>\n\n\n\n<figure class=\"wp-block-image size-large\"><img loading=\"lazy\" decoding=\"async\" width=\"1024\" height=\"1024\" src=\"https:\/\/www.grupotiradentes.com\/international\/wp-content\/uploads\/2023\/08\/WHATSAPP_PROMAI_2023-2-1024x1024.jpg\" alt=\"\" class=\"wp-image-1951\" srcset=\"https:\/\/www.grupotiradentes.com\/international\/wp-content\/uploads\/2023\/08\/WHATSAPP_PROMAI_2023-2-1024x1024.jpg 1024w, https:\/\/www.grupotiradentes.com\/international\/wp-content\/uploads\/2023\/08\/WHATSAPP_PROMAI_2023-2-300x300.jpg 300w, https:\/\/www.grupotiradentes.com\/international\/wp-content\/uploads\/2023\/08\/WHATSAPP_PROMAI_2023-2-150x150.jpg 150w, https:\/\/www.grupotiradentes.com\/international\/wp-content\/uploads\/2023\/08\/WHATSAPP_PROMAI_2023-2-768x768.jpg 768w, https:\/\/www.grupotiradentes.com\/international\/wp-content\/uploads\/2023\/08\/WHATSAPP_PROMAI_2023-2-600x600.jpg 600w, https:\/\/www.grupotiradentes.com\/international\/wp-content\/uploads\/2023\/08\/WHATSAPP_PROMAI_2023-2-200x200.jpg 200w, https:\/\/www.grupotiradentes.com\/international\/wp-content\/uploads\/2023\/08\/WHATSAPP_PROMAI_2023-2-123x123.jpg 123w, https:\/\/www.grupotiradentes.com\/international\/wp-content\/uploads\/2023\/08\/WHATSAPP_PROMAI_2023-2-344x344.jpg 344w, https:\/\/www.grupotiradentes.com\/international\/wp-content\/uploads\/2023\/08\/WHATSAPP_PROMAI_2023-2.jpg 1200w\" sizes=\"auto, (max-width: 1024px) 100vw, 1024px\" \/><\/figure>\n\n\n\n<p><strong>Aten\u00e7\u00e3o<\/strong>!&nbsp;Leia com aten\u00e7\u00e3o o Edital e os Anexos abaixo antes de se inscrever.<\/p>\n\n\n\n<p class=\"has-large-font-size\"><strong>EDITAL \u2013<\/strong>&nbsp;Acesse&nbsp;<a href=\"https:\/\/www.grupotiradentes.com\/international\/wp-content\/uploads\/2023\/08\/01.-Edital-ProMAI-2023.2.pdf\">AQUI<\/a>.<\/p>\n\n\n\n<p><strong>Obs:<\/strong> Para solicitar o Atestado de Matr\u00edcula com Quita\u00e7\u00e3o de D\u00e9bito, \u00e9 necess\u00e1rio inserir no campo de Observa\u00e7\u00e3o da solicita\u00e7\u00e3o do Atestado de Matr\u00edcula simples, no Magister, que deseja o complemento de quita\u00e7\u00e3o.<\/p>\n\n\n\n<p class=\"has-large-font-size\">Acesse <a href=\"https:\/\/forms.gle\/S6HhBi249zGrE1ME7\">AQUI<\/a> o formul\u00e1rio de inscri\u00e7\u00e3o.<\/p>\n\n\n\n<p><strong>ANEXO I \u2013<\/strong>&nbsp;<a href=\"https:\/\/www.grupotiradentes.com\/international\/wp-content\/uploads\/2023\/08\/Anexo-I-Vagas-por-IES-Parceira.pdf\">Vagas por IES Estrangeiras<\/a><\/p>\n\n\n\n<p><strong>ANEXO II \u2013<\/strong>&nbsp;<a href=\"https:\/\/www.grupotiradentes.com\/international\/wp-content\/uploads\/2023\/08\/Anexo-II-Criterios-de-Idioma-atualizado.pdf\">Crit\u00e9rios de Idiomas<\/a><\/p>\n\n\n\n<ul class=\"wp-block-list\">\n<li>O Unit Idiomas disponibiliza a op\u00e7\u00e3o de Teste de Nivelamento &#8211; Ingl\u00eas, com inscri\u00e7\u00f5es atrav\u00e9s do Magister \u2013 Extens\u00e3o: <strong>(Prova de Nivelamento-2023\/2 -INGL\u00caS- (PROMAI)<\/strong>, e com a prova escrita feita atrav\u00e9s do pr\u00f3prio site do&nbsp;<a href=\"https:\/\/www.unit.br\/idiomas#nivelamento\">Unit Idiomas<\/a>.<\/li>\n\n\n\n<li>Datas dispon\u00edveis: <\/li>\n\n\n\n<li>21\/08 &#8211; 14h \u00e0s 15:30<\/li>\n\n\n\n<li>22\/08 &#8211; 14h \u00e0s 15:30<\/li>\n\n\n\n<li>28\/09 &#8211; 14h \u00e0s 15:30<\/li>\n\n\n\n<li>29\/08 &#8211; 14h \u00e0s 15:30<\/li>\n\n\n\n<li>04\/09 &#8211; 14h \u00e0s 15:30<\/li>\n\n\n\n<li>05\/09 &#8211; 14h \u00e0s 15:30<\/li>\n\n\n\n<li><strong>Obs:<\/strong> Para finalizar o processo de nivelamento com o Unit Idiomas, \u00e9 preciso realizar o pagamento da taxa, dispon\u00edvel no Magister!<\/li>\n\n\n\n<li>O Teste de Nivelamento do idioma Espanhol poder\u00e1 ser realizado de maneira online, atrav\u00e9s dos links indicados abaixo. O aluno dever\u00e1 anexar o print do resultado enviado por email.<\/li>\n<\/ul>\n\n\n\n<p><a href=\"https:\/\/www.sprachcaffe.com\/portuguese\/study_abroad\/language_test\/spanish.htm\">https:\/\/www.sprachcaffe.com\/portuguese\/study_abroad\/language_test\/spanish.htm<\/a><\/p>\n\n\n\n<p><a href=\"https:\/\/www.cervantes.to\/brazilian\/test_inicial.html\">https:\/\/www.cervantes.to\/brazilian\/test_inicial.html<\/a><\/p>\n\n\n\n<p><strong>ANEXO III \u2013<\/strong>&nbsp;<a href=\"https:\/\/www.grupotiradentes.com\/international\/wp-content\/uploads\/2023\/08\/Anexo-III-Formulario-de-Recurso.docx\">Formul\u00e1rio de Recursos<\/a><\/p>\n\n\n\n<p><strong>ANEXO IV \u2013<\/strong>&nbsp;<a href=\"https:\/\/www.grupotiradentes.com\/international\/wp-content\/uploads\/2023\/08\/Anexo-IV-Cursos-Aptos.xlsx\">Cursos Aptos<\/a><\/p>\n\n\n\n<ul class=\"wp-block-list\">\n<li>As institui\u00e7\u00f5es da Rep\u00fablica da Coreia&nbsp;<strong>(Universidade Cat\u00f3lica da Coreia e Universidade de Myongji)<\/strong>&nbsp;possuem uma oferta de disciplinas ministradas em ingl\u00eas limitada. A oferta est\u00e1 dispon\u00edvel&nbsp;<a href=\"https:\/\/www.grupotiradentes.com\/international\/wp-content\/uploads\/2023\/03\/Oferta-de-disciplinas-em-Ingles-Coreia-do-Sul.xlsx\">AQUI<\/a>.<\/li>\n<\/ul>\n\n\n\n<p><strong>ANEXO V \u2013<\/strong>&nbsp;<a href=\"https:\/\/www.grupotiradentes.com\/international\/wp-content\/uploads\/2023\/08\/Anexo-V-Prazos-de-Nomeacao-e-Candidatura.pdf\">Prazos de Nomea\u00e7\u00e3o e Candidatura<\/a><\/p>\n\n\n\n<p><\/p>\n\n\n\n<p>Em caso de d\u00favidas, segue abaixo os nossos contatos:<\/p>\n\n\n\n<p>international@unit.br<\/p>\n\n\n\n<p>(79)3218-2284.<\/p>\n","protected":false},"excerpt":{"rendered":"<p>Confira AQUI o Resultado Final do ProMAI 2023.2 [Publicado em 22\/09\/2023, \u00e0s 14:40] CONFIRA O PR\u00c9-RESULTADO AQUI! [Publicado em 19\/09\/2023, \u00e0s 14:43] AS INSCRI\u00c7\u00d5ES PARA O PROMAI 2023.2 FORAM PRORROGADAS AT\u00c9 O DIA 17\/09! Confira aqui o aditivo. As inscri\u00e7\u00f5es para o o Programa de Mobilidade Acad\u00eamica Internacional 2023.2 est\u00e3o abertas! Aten\u00e7\u00e3o!&nbsp;Leia com aten\u00e7\u00e3o o [&hellip;]<\/p>\n","protected":false},"author":3,"featured_media":0,"comment_status":"open","ping_status":"open","sticky":false,"template":"","format":"standard","meta":{"footnotes":""},"categories":[1],"tags":[],"class_list":["post-1933","post","type-post","status-publish","format-standard","hentry","category-sem-categoria"],"_links":{"self":[{"href":"https:\/\/www.grupotiradentes.com\/international\/wp-json\/wp\/v2\/posts\/1933","targetHints":{"allow":["GET"]}}],"collection":[{"href":"https:\/\/www.grupotiradentes.com\/international\/wp-json\/wp\/v2\/posts"}],"about":[{"href":"https:\/\/www.grupotiradentes.com\/international\/wp-json\/wp\/v2\/types\/post"}],"author":[{"embeddable":true,"href":"https:\/\/www.grupotiradentes.com\/international\/wp-json\/wp\/v2\/users\/3"}],"replies":[{"embeddable":true,"href":"https:\/\/www.grupotiradentes.com\/international\/wp-json\/wp\/v2\/comments?post=1933"}],"version-history":[{"count":19,"href":"https:\/\/www.grupotiradentes.com\/international\/wp-json\/wp\/v2\/posts\/1933\/revisions"}],"predecessor-version":[{"id":2009,"href":"https:\/\/www.grupotiradentes.com\/international\/wp-json\/wp\/v2\/posts\/1933\/revisions\/2009"}],"wp:attachment":[{"href":"https:\/\/www.grupotiradentes.com\/international\/wp-json\/wp\/v2\/media?parent=1933"}],"wp:term":[{"taxonomy":"category","embeddable":true,"href":"https:\/\/www.grupotiradentes.com\/international\/wp-json\/wp\/v2\/categories?post=1933"},{"taxonomy":"post_tag","embeddable":true,"href":"https:\/\/www.grupotiradentes.com\/international\/wp-json\/wp\/v2\/tags?post=1933"}],"curies":[{"name":"wp","href":"https:\/\/api.w.org\/{rel}","templated":true}]}}