{"id":1371,"date":"2021-09-29T15:28:19","date_gmt":"2021-09-29T18:28:19","guid":{"rendered":"https:\/\/www.grupotiradentes.com\/international\/?p=1371"},"modified":"2021-10-29T10:28:02","modified_gmt":"2021-10-29T13:28:02","slug":"programa-erasmus-international-credit-mobility-2022-1","status":"publish","type":"post","link":"https:\/\/www.grupotiradentes.com\/international\/programa-erasmus-international-credit-mobility-2022-1\/","title":{"rendered":"Programa ERASMUS International Credit Mobility 2022.1"},"content":{"rendered":"\n<div class=\"wp-block-group\"><div class=\"wp-block-group__inner-container is-layout-flow wp-block-group-is-layout-flow\">\n<div class=\"wp-block-group\"><div class=\"wp-block-group__inner-container is-layout-flow wp-block-group-is-layout-flow\"><\/div><\/div>\n<\/div><\/div>\n\n\n\n<div class=\"wp-block-group\"><div class=\"wp-block-group__inner-container is-layout-flow wp-block-group-is-layout-flow\">\n<div class=\"wp-block-image\"><figure class=\"aligncenter size-large\"><img loading=\"lazy\" decoding=\"async\" width=\"787\" height=\"128\" src=\"https:\/\/www.grupotiradentes.com\/international\/wp-content\/uploads\/2021\/09\/s\u00edmbolos-2.jpg\" alt=\"\" class=\"wp-image-1402\" srcset=\"https:\/\/www.grupotiradentes.com\/international\/wp-content\/uploads\/2021\/09\/s\u00edmbolos-2.jpg 787w, https:\/\/www.grupotiradentes.com\/international\/wp-content\/uploads\/2021\/09\/s\u00edmbolos-2-300x49.jpg 300w, https:\/\/www.grupotiradentes.com\/international\/wp-content\/uploads\/2021\/09\/s\u00edmbolos-2-768x125.jpg 768w, https:\/\/www.grupotiradentes.com\/international\/wp-content\/uploads\/2021\/09\/s\u00edmbolos-2-600x98.jpg 600w, https:\/\/www.grupotiradentes.com\/international\/wp-content\/uploads\/2021\/09\/s\u00edmbolos-2-200x33.jpg 200w, https:\/\/www.grupotiradentes.com\/international\/wp-content\/uploads\/2021\/09\/s\u00edmbolos-2-630x102.jpg 630w, https:\/\/www.grupotiradentes.com\/international\/wp-content\/uploads\/2021\/09\/s\u00edmbolos-2-500x81.jpg 500w\" sizes=\"auto, (max-width: 787px) 100vw, 787px\" \/><\/figure><\/div>\n<\/div><\/div>\n\n\n\n<p><strong>CONFIRA <a href=\"https:\/\/www.grupotiradentes.com\/international\/wp-content\/uploads\/2021\/10\/Classificados-ERASMUS-Credit-Mobility.pdf\">AQUI<\/a> OS CANDIDATOS APROVADOS NO PROGRAMA!<\/strong><\/p>\n\n\n\n<p><\/p>\n\n\n\n<p>[<strong>ATEN\u00c7\u00c3O!] Em fun\u00e7\u00e3o da instabilidade apresentada em nosso site, que inviabilizou o acesso ao Formul\u00e1rio de Inscri\u00e7\u00e3o, disponibilizaremos o Formul\u00e1rio para inscri\u00e7\u00f5es, excepcionalmente, at\u00e9 hoje, 26\/10, \u00e0s 17h.<\/strong><\/p>\n\n\n\n<p><strong>[ATUALIZA\u00c7\u00c3O &#8211; 15\/10, \u00e0s 10:50] Informamos que o prazo para inscri\u00e7\u00e3o foi prorrogado at\u00e9 o dia 25\/10. N\u00e3o perca essa oportunidade! <\/strong><\/p>\n\n\n\n<p><strong>Data de publica\u00e7\u00e3o do resultado final: 29\/10<\/strong><\/p>\n\n\n\n<p>O <strong>Programa ERASMUS International Credit Mobility<\/strong>, gerido pela Coordena\u00e7\u00e3o de Rela\u00e7\u00f5es Internacionais da Universidade Tiradentes (UNIT\/SE),  em parceria com a ISMA University of Applied Sciences, \u00e9 um programa, financiado pela Uni\u00e3o Europeia, que visa promover a mobilidade entre estudantes destas duas institui\u00e7\u00f5es parceiras. <\/p>\n\n\n\n<p>Nesse sentido, a iniciativa visa oferecer aos discentes regularmente matriculados nos cursos de gradua\u00e7\u00e3o presencial de <strong>Administra\u00e7\u00e3o, Ci\u00eancias da Computa\u00e7\u00e3o e Redes de Computadores<\/strong> a oportunidade de  realizar uma mobilidade internacional para aquisi\u00e7\u00e3o de novos conhecimentos, compet\u00eancias e habilidades pertinentes as suas respectivas \u00e1reas de forma\u00e7\u00e3o, no exerc\u00edcio pleno do protagonismo estudantil global, com foco na inclus\u00e3o social, inova\u00e7\u00e3o digital e participa\u00e7\u00e3o da juventude na democracia. <\/p>\n\n\n\n<p class=\"has-text-align-center\"><strong>SOBRE OS REQUISITOS OBRIGAT\u00d3RIOS<\/strong><\/p>\n\n\n\n<p>O discente dever\u00e1\natender aos seguintes requisitos para inscri\u00e7\u00e3o:<\/p>\n\n\n\n<ol class=\"wp-block-list\"><li>Ser maior de 18 anos, residente e domiciliado no Brasil;<\/li><li>Estar regularmente matriculado na Universidade Tiradentes (UNIT\/SE), respons\u00e1vel por este edital e, no momento da candidatura, estar com integraliza\u00e7\u00e3o do curso maior do que 20% e menor do que 80%;<\/li><li>Apresentar bom rendimento acad\u00eamico, ou seja, ter m\u00e9dia geral igual ou superior a do curso e per\u00edodo em que o estudante est\u00e1 matriculado;<ul><li>Caso a m\u00e9dia geral ponderada do semestre do curso ao qual o estudante esteja matriculado seja menor do que 7,00 (sete), o crit\u00e9rio de elegibilidade ser\u00e1 a m\u00e9dia 7,00 (sete).<\/li><li>Os estudantes devem utilizar a m\u00e9dia do semestre no qual est\u00e3o matriculados, uma vez que a m\u00e9dia dispon\u00edvel para consulta do atual semestre refere-se \u00e0 m\u00e9dia geral obtida pelos estudantes no semestre anterior.<\/li><\/ul><\/li><li>N\u00e3o estar inadimplente financeiramente com a Universidade Tiradentes;<\/li><li>N\u00e3o estar respondendo a processo disciplinar na Universidade Tiradentes;<\/li><li>N\u00e3o ter recebido penalidade disciplinar, nos \u00faltimos 18 meses, da Comiss\u00e3o Disciplinar da Universidade Tiradentes;<\/li><li>Ter um n\u00edvel de profici\u00eancia de ingl\u00eas avan\u00e7ado, comprovado com um certificado B2, de acordo com o Quadro Comum Europeu. <\/li><\/ol>\n\n\n\n<p class=\"has-text-align-center\"><strong>Sobre o Processo de Sele\u00e7\u00e3o<\/strong><\/p>\n\n\n\n<p>O processo de candidatura para o Programa ERASMUS International Credit Mobility \u00e9 formado por uma etapa obrigat\u00f3ria: o preenchimento do <strong>Formul\u00e1rio de Inscri\u00e7\u00e3o Online <\/strong>(dispon\u00edvel <a href=\"https:\/\/forms.gle\/ki3TAH8fhPYM93iS9\">aqui<\/a>)<\/p>\n\n\n\n<p>O discente dever\u00e1 inserir no formul\u00e1rio online as seguintes documenta\u00e7\u00f5es obrigat\u00f3rias:<\/p>\n\n\n\n<ol class=\"wp-block-list\"><li>C\u00f3pia de passaporte v\u00e1lido ou protocolo de solicita\u00e7\u00e3o de passaporte emitido pela <a href=\"http:\/\/www.pf.gov.br\/servicos-pf\/passaporte\">Pol\u00edcia Federal<\/a> <\/li><li>C\u00f3pia de documento de identidade (RG\/CNH);<\/li><li>Carta de Motiva\u00e7\u00e3o Pessoal, em ingl\u00eas, com, no m\u00e1ximo, 300 palavras, indicando porque voc\u00ea quer participar do Programa;<\/li><li>Certificado de n\u00edvel de profici\u00eancia em ingl\u00eas avan\u00e7ado (B2) de acordo com o Quadro Comum Europeu, mediante apresenta\u00e7\u00e3o do resultado do teste de nivelamento, com no m\u00e1ximo 4 (quatro) anos de sua emiss\u00e3o;<\/li><li>O estudante selecionado e apto para realizar a viagem dever\u00e1 apresentar carteira de vacina\u00e7\u00e3o de COVID-19 \u00e0 Coordena\u00e7\u00e3o de Rela\u00e7\u00f5es Internacionais e seguir todas as regras sanit\u00e1rias impostas pelo pa\u00eds de destino. <\/li><\/ol>\n\n\n\n<p>Ser\u00e3o disponibilizadas 02 (duas) vagas para a realiza\u00e7\u00e3o da mobilidade prevista no programa.<\/p>\n\n\n\n<p class=\"has-text-align-center\"><strong>Sobre as Bolsas de M\u00e9rito Acad\u00eamico<\/strong><\/p>\n\n\n\n<p>Para a mobilidade, a ser realizada no semestre 2022.1, haver\u00e1 uma oferta de um total de 2 (duas) bolsas de estudos, com valor de  \u20ac 5.500,00 (cinco mil e quinhentos euros), aos aprovados no Edital 004\/2021.<\/p>\n\n\n\n<p><strong>Para acessar o Edital 004\/2021, clique <\/strong><em><a href=\"https:\/\/www.grupotiradentes.com\/international\/wp-content\/uploads\/2021\/10\/Edital-Erasmus-International-Credit-Mobility-Discentes.docxvf.pdf\">aqui<\/a><\/em><\/p>\n\n\n\n<p><strong><a href=\"https:\/\/www.grupotiradentes.com\/international\/wp-content\/uploads\/2021\/09\/Anexo-I-Cursos-Vinculados.xlsx\">Anexo I<\/a><\/strong> &#8211; Cursos Vinculados<\/p>\n\n\n\n<p><strong><a href=\"https:\/\/www.grupotiradentes.com\/international\/wp-content\/uploads\/2021\/09\/ANEXO-II-Crit\u00e9rios-de-Avalia\u00e7\u00e3o.pdf\">Anexo II<\/a><\/strong> &#8211; Crit\u00e9rios de Avalia\u00e7\u00e3o<\/p>\n\n\n\n<p><strong><a href=\"https:\/\/www.grupotiradentes.com\/international\/wp-content\/uploads\/2021\/09\/ANEXO-III-M\u00e9dias.pdf\">Anexo III<\/a><\/strong> &#8211; M\u00e9dias por curso e per\u00edodo<\/p>\n\n\n\n<p><strong>Aten\u00e7\u00e3o!<\/strong> O Unit Idiomas SE est\u00e1 disponibilizando testes de nivelamento para o idioma Ingl\u00eas, a partir do dia 18\/10. As inscri\u00e7\u00f5es dever\u00e3o ser realizadas via Magister &#8211; Extens\u00e3o, com a nomenclatura &#8220;Nivelamento Interc\u00e2mbio Ingl\u00eas &#8211; Programa Erasmus Credit Mobility 2022.1&#8221; e com inscri\u00e7\u00e3o at\u00e9 o dia 25\/10. Para concluir a inscri\u00e7\u00e3o, \u00e9 preciso realizar o pagamento da taxa e enviar o comprovante diretamente ao Idiomas@unit.br<\/p>\n\n\n\n<p> Em caso de d\u00favidas ou questionamentos, por favor, entre em contato com a Coordena\u00e7\u00e3o de Rela\u00e7\u00f5es Internacionais da UNIT SE, atrav\u00e9s do  international@unit.br  <\/p>\n","protected":false},"excerpt":{"rendered":"<p>CONFIRA AQUI OS CANDIDATOS APROVADOS NO PROGRAMA! [ATEN\u00c7\u00c3O!] Em fun\u00e7\u00e3o da instabilidade apresentada em nosso site, que inviabilizou o acesso ao Formul\u00e1rio de Inscri\u00e7\u00e3o, disponibilizaremos o Formul\u00e1rio para inscri\u00e7\u00f5es, excepcionalmente, at\u00e9 hoje, 26\/10, \u00e0s 17h. [ATUALIZA\u00c7\u00c3O &#8211; 15\/10, \u00e0s 10:50] Informamos que o prazo para inscri\u00e7\u00e3o foi prorrogado at\u00e9 o dia 25\/10. N\u00e3o perca essa [&hellip;]<\/p>\n","protected":false},"author":9,"featured_media":0,"comment_status":"open","ping_status":"open","sticky":false,"template":"","format":"standard","meta":{"footnotes":""},"categories":[1],"tags":[],"class_list":["post-1371","post","type-post","status-publish","format-standard","hentry","category-sem-categoria"],"_links":{"self":[{"href":"https:\/\/www.grupotiradentes.com\/international\/wp-json\/wp\/v2\/posts\/1371","targetHints":{"allow":["GET"]}}],"collection":[{"href":"https:\/\/www.grupotiradentes.com\/international\/wp-json\/wp\/v2\/posts"}],"about":[{"href":"https:\/\/www.grupotiradentes.com\/international\/wp-json\/wp\/v2\/types\/post"}],"author":[{"embeddable":true,"href":"https:\/\/www.grupotiradentes.com\/international\/wp-json\/wp\/v2\/users\/9"}],"replies":[{"embeddable":true,"href":"https:\/\/www.grupotiradentes.com\/international\/wp-json\/wp\/v2\/comments?post=1371"}],"version-history":[{"count":24,"href":"https:\/\/www.grupotiradentes.com\/international\/wp-json\/wp\/v2\/posts\/1371\/revisions"}],"predecessor-version":[{"id":1453,"href":"https:\/\/www.grupotiradentes.com\/international\/wp-json\/wp\/v2\/posts\/1371\/revisions\/1453"}],"wp:attachment":[{"href":"https:\/\/www.grupotiradentes.com\/international\/wp-json\/wp\/v2\/media?parent=1371"}],"wp:term":[{"taxonomy":"category","embeddable":true,"href":"https:\/\/www.grupotiradentes.com\/international\/wp-json\/wp\/v2\/categories?post=1371"},{"taxonomy":"post_tag","embeddable":true,"href":"https:\/\/www.grupotiradentes.com\/international\/wp-json\/wp\/v2\/tags?post=1371"}],"curies":[{"name":"wp","href":"https:\/\/api.w.org\/{rel}","templated":true}]}}